{"id":2859,"date":"2023-01-19T19:27:01","date_gmt":"2023-01-19T18:27:01","guid":{"rendered":"https:\/\/theatre-la-bicyclette.fr\/?post_type=presse&#038;p=2859"},"modified":"2023-02-07T09:49:54","modified_gmt":"2023-02-07T08:49:54","slug":"midi-libre-1901","status":"publish","type":"presse","link":"https:\/\/theatre-la-bicyclette.fr\/index.php\/presse\/midi-libre-1901\/","title":{"rendered":"Site Internet du Midi Libre"},"content":{"rendered":"\n<p>Le lieu s\u2019installe dans le paysage lod\u00e9vois et pr\u00e9pare sa premi\u00e8re saison culturelle.<\/p>\n\n\n\n<p>Dans cette salle intime, Caroline Paumier r\u00e9alise un r\u00eave d\u2019enfant. Avec l\u2019\u00e9quipe du Th\u00e9\u00e2tre de la Bicyclette, l\u2019ancienne \u00e9ducatrice souhaite offrir une programmation originale et de qualit\u00e9 au public lod\u00e9vois d\u00e8s septembre 2023&#8230;<\/p>\n\n\n\n<p><a href=\"https:\/\/www.midilibre.fr\/2022\/12\/28\/lodeve-avec-le-theatre-de-la-bicyclette-caroline-paumier-realise-son-reve-denfant-10892177.php\">Lien vers l&#8217;article en ligne<\/a><\/p>\n\n\n\n<div class=\"wp-block-columns is-layout-flex wp-container-core-columns-is-layout-28f84493 wp-block-columns-is-layout-flex\"><\/div>\n","protected":false},"featured_media":2660,"template":"","media":[],"publie_le":[126],"support_de_publication":[127],"class_list":["post-2859","presse","type-presse","status-publish","has-post-thumbnail","hentry","publie_le-19-janvier-2023","support_de_publication-site-internet"],"acf":[],"yoast_head":"<!-- This site is optimized with the Yoast SEO plugin v27.5 - https:\/\/yoast.com\/product\/yoast-seo-wordpress\/ -->\n<title>Site Internet du Midi Libre - Th\u00e9\u00e2tre de la Bicyclette<\/title>\n<meta name=\"robots\" content=\"index, follow, max-snippet:-1, max-image-preview:large, max-video-preview:-1\" \/>\n<link rel=\"canonical\" href=\"https:\/\/theatre-la-bicyclette.fr\/index.php\/presse\/midi-libre-1901\/\" \/>\n<meta property=\"og:locale\" content=\"fr_FR\" \/>\n<meta property=\"og:type\" content=\"article\" \/>\n<meta property=\"og:title\" content=\"Site Internet du Midi Libre - Th\u00e9\u00e2tre de la Bicyclette\" \/>\n<meta property=\"og:description\" content=\"Le lieu s\u2019installe dans le paysage lod\u00e9vois et pr\u00e9pare sa premi\u00e8re saison culturelle. Dans cette salle intime, Caroline Paumier r\u00e9alise un r\u00eave d\u2019enfant. Avec l\u2019\u00e9quipe du Th\u00e9\u00e2tre de la Bicyclette, l\u2019ancienne \u00e9ducatrice souhaite offrir une programmation originale et de qualit\u00e9 au public lod\u00e9vois d\u00e8s septembre 2023&#8230; Lien vers l&#8217;article en ligne\" \/>\n<meta property=\"og:url\" content=\"https:\/\/theatre-la-bicyclette.fr\/index.php\/presse\/midi-libre-1901\/\" \/>\n<meta property=\"og:site_name\" content=\"Th\u00e9\u00e2tre de la Bicyclette\" \/>\n<meta property=\"article:publisher\" content=\"https:\/\/www.facebook.com\/profile.php?id=100086652006023\" \/>\n<meta property=\"article:modified_time\" content=\"2023-02-07T08:49:54+00:00\" \/>\n<meta property=\"og:image\" content=\"https:\/\/theatre-la-bicyclette.fr\/wp-content\/uploads\/2023\/01\/WhatsApp-Image-2023-01-18-a-12.21.21.jpg\" \/>\n\t<meta property=\"og:image:width\" content=\"1200\" \/>\n\t<meta property=\"og:image:height\" content=\"1600\" \/>\n\t<meta property=\"og:image:type\" content=\"image\/jpeg\" \/>\n<meta name=\"twitter:card\" content=\"summary_large_image\" \/>\n<script type=\"application\/ld+json\" class=\"yoast-schema-graph\">{\"@context\":\"https:\\\/\\\/schema.org\",\"@graph\":[{\"@type\":\"WebPage\",\"@id\":\"https:\\\/\\\/theatre-la-bicyclette.fr\\\/index.php\\\/presse\\\/midi-libre-1901\\\/\",\"url\":\"https:\\\/\\\/theatre-la-bicyclette.fr\\\/index.php\\\/presse\\\/midi-libre-1901\\\/\",\"name\":\"Site Internet du Midi Libre - Th\u00e9\u00e2tre de la Bicyclette\",\"isPartOf\":{\"@id\":\"https:\\\/\\\/theatre-la-bicyclette.fr\\\/#website\"},\"primaryImageOfPage\":{\"@id\":\"https:\\\/\\\/theatre-la-bicyclette.fr\\\/index.php\\\/presse\\\/midi-libre-1901\\\/#primaryimage\"},\"image\":{\"@id\":\"https:\\\/\\\/theatre-la-bicyclette.fr\\\/index.php\\\/presse\\\/midi-libre-1901\\\/#primaryimage\"},\"thumbnailUrl\":\"https:\\\/\\\/theatre-la-bicyclette.fr\\\/wp-content\\\/uploads\\\/2023\\\/01\\\/WhatsApp-Image-2023-01-18-a-12.21.21.jpg\",\"datePublished\":\"2023-01-19T18:27:01+00:00\",\"dateModified\":\"2023-02-07T08:49:54+00:00\",\"inLanguage\":\"fr-FR\",\"potentialAction\":[{\"@type\":\"ReadAction\",\"target\":[\"https:\\\/\\\/theatre-la-bicyclette.fr\\\/index.php\\\/presse\\\/midi-libre-1901\\\/\"]}]},{\"@type\":\"ImageObject\",\"inLanguage\":\"fr-FR\",\"@id\":\"https:\\\/\\\/theatre-la-bicyclette.fr\\\/index.php\\\/presse\\\/midi-libre-1901\\\/#primaryimage\",\"url\":\"https:\\\/\\\/theatre-la-bicyclette.fr\\\/wp-content\\\/uploads\\\/2023\\\/01\\\/WhatsApp-Image-2023-01-18-a-12.21.21.jpg\",\"contentUrl\":\"https:\\\/\\\/theatre-la-bicyclette.fr\\\/wp-content\\\/uploads\\\/2023\\\/01\\\/WhatsApp-Image-2023-01-18-a-12.21.21.jpg\",\"width\":1200,\"height\":1600,\"caption\":\"staff de la bicyclette\"},{\"@type\":\"WebSite\",\"@id\":\"https:\\\/\\\/theatre-la-bicyclette.fr\\\/#website\",\"url\":\"https:\\\/\\\/theatre-la-bicyclette.fr\\\/\",\"name\":\"Th\u00e9\u00e2tre de la Bicyclette\",\"description\":\"La petite reine des arts au c\u0153ur de Lod\u00e8ve.\",\"publisher\":{\"@id\":\"https:\\\/\\\/theatre-la-bicyclette.fr\\\/#organization\"},\"potentialAction\":[{\"@type\":\"SearchAction\",\"target\":{\"@type\":\"EntryPoint\",\"urlTemplate\":\"https:\\\/\\\/theatre-la-bicyclette.fr\\\/?s={search_term_string}\"},\"query-input\":{\"@type\":\"PropertyValueSpecification\",\"valueRequired\":true,\"valueName\":\"search_term_string\"}}],\"inLanguage\":\"fr-FR\"},{\"@type\":\"Organization\",\"@id\":\"https:\\\/\\\/theatre-la-bicyclette.fr\\\/#organization\",\"name\":\"Th\u00e9\u00e2tre de la Bicyclette\",\"url\":\"https:\\\/\\\/theatre-la-bicyclette.fr\\\/\",\"logo\":{\"@type\":\"ImageObject\",\"inLanguage\":\"fr-FR\",\"@id\":\"https:\\\/\\\/theatre-la-bicyclette.fr\\\/#\\\/schema\\\/logo\\\/image\\\/\",\"url\":\"https:\\\/\\\/theatre-la-bicyclette.fr\\\/wp-content\\\/uploads\\\/2023\\\/01\\\/logo-e1674724130978.png\",\"contentUrl\":\"https:\\\/\\\/theatre-la-bicyclette.fr\\\/wp-content\\\/uploads\\\/2023\\\/01\\\/logo-e1674724130978.png\",\"width\":200,\"height\":200,\"caption\":\"Th\u00e9\u00e2tre de la Bicyclette\"},\"image\":{\"@id\":\"https:\\\/\\\/theatre-la-bicyclette.fr\\\/#\\\/schema\\\/logo\\\/image\\\/\"},\"sameAs\":[\"https:\\\/\\\/www.facebook.com\\\/profile.php?id=100086652006023\"]}]}<\/script>\n<!-- \/ Yoast SEO plugin. -->","yoast_head_json":{"title":"Site Internet du Midi Libre - Th\u00e9\u00e2tre de la Bicyclette","robots":{"index":"index","follow":"follow","max-snippet":"max-snippet:-1","max-image-preview":"max-image-preview:large","max-video-preview":"max-video-preview:-1"},"canonical":"https:\/\/theatre-la-bicyclette.fr\/index.php\/presse\/midi-libre-1901\/","og_locale":"fr_FR","og_type":"article","og_title":"Site Internet du Midi Libre - Th\u00e9\u00e2tre de la Bicyclette","og_description":"Le lieu s\u2019installe dans le paysage lod\u00e9vois et pr\u00e9pare sa premi\u00e8re saison culturelle. Dans cette salle intime, Caroline Paumier r\u00e9alise un r\u00eave d\u2019enfant. Avec l\u2019\u00e9quipe du Th\u00e9\u00e2tre de la Bicyclette, l\u2019ancienne \u00e9ducatrice souhaite offrir une programmation originale et de qualit\u00e9 au public lod\u00e9vois d\u00e8s septembre 2023&#8230; Lien vers l&#8217;article en ligne","og_url":"https:\/\/theatre-la-bicyclette.fr\/index.php\/presse\/midi-libre-1901\/","og_site_name":"Th\u00e9\u00e2tre de la Bicyclette","article_publisher":"https:\/\/www.facebook.com\/profile.php?id=100086652006023","article_modified_time":"2023-02-07T08:49:54+00:00","og_image":[{"width":1200,"height":1600,"url":"https:\/\/theatre-la-bicyclette.fr\/wp-content\/uploads\/2023\/01\/WhatsApp-Image-2023-01-18-a-12.21.21.jpg","type":"image\/jpeg"}],"twitter_card":"summary_large_image","schema":{"@context":"https:\/\/schema.org","@graph":[{"@type":"WebPage","@id":"https:\/\/theatre-la-bicyclette.fr\/index.php\/presse\/midi-libre-1901\/","url":"https:\/\/theatre-la-bicyclette.fr\/index.php\/presse\/midi-libre-1901\/","name":"Site Internet du Midi Libre - Th\u00e9\u00e2tre de la Bicyclette","isPartOf":{"@id":"https:\/\/theatre-la-bicyclette.fr\/#website"},"primaryImageOfPage":{"@id":"https:\/\/theatre-la-bicyclette.fr\/index.php\/presse\/midi-libre-1901\/#primaryimage"},"image":{"@id":"https:\/\/theatre-la-bicyclette.fr\/index.php\/presse\/midi-libre-1901\/#primaryimage"},"thumbnailUrl":"https:\/\/theatre-la-bicyclette.fr\/wp-content\/uploads\/2023\/01\/WhatsApp-Image-2023-01-18-a-12.21.21.jpg","datePublished":"2023-01-19T18:27:01+00:00","dateModified":"2023-02-07T08:49:54+00:00","inLanguage":"fr-FR","potentialAction":[{"@type":"ReadAction","target":["https:\/\/theatre-la-bicyclette.fr\/index.php\/presse\/midi-libre-1901\/"]}]},{"@type":"ImageObject","inLanguage":"fr-FR","@id":"https:\/\/theatre-la-bicyclette.fr\/index.php\/presse\/midi-libre-1901\/#primaryimage","url":"https:\/\/theatre-la-bicyclette.fr\/wp-content\/uploads\/2023\/01\/WhatsApp-Image-2023-01-18-a-12.21.21.jpg","contentUrl":"https:\/\/theatre-la-bicyclette.fr\/wp-content\/uploads\/2023\/01\/WhatsApp-Image-2023-01-18-a-12.21.21.jpg","width":1200,"height":1600,"caption":"staff de la bicyclette"},{"@type":"WebSite","@id":"https:\/\/theatre-la-bicyclette.fr\/#website","url":"https:\/\/theatre-la-bicyclette.fr\/","name":"Th\u00e9\u00e2tre de la Bicyclette","description":"La petite reine des arts au c\u0153ur de Lod\u00e8ve.","publisher":{"@id":"https:\/\/theatre-la-bicyclette.fr\/#organization"},"potentialAction":[{"@type":"SearchAction","target":{"@type":"EntryPoint","urlTemplate":"https:\/\/theatre-la-bicyclette.fr\/?s={search_term_string}"},"query-input":{"@type":"PropertyValueSpecification","valueRequired":true,"valueName":"search_term_string"}}],"inLanguage":"fr-FR"},{"@type":"Organization","@id":"https:\/\/theatre-la-bicyclette.fr\/#organization","name":"Th\u00e9\u00e2tre de la Bicyclette","url":"https:\/\/theatre-la-bicyclette.fr\/","logo":{"@type":"ImageObject","inLanguage":"fr-FR","@id":"https:\/\/theatre-la-bicyclette.fr\/#\/schema\/logo\/image\/","url":"https:\/\/theatre-la-bicyclette.fr\/wp-content\/uploads\/2023\/01\/logo-e1674724130978.png","contentUrl":"https:\/\/theatre-la-bicyclette.fr\/wp-content\/uploads\/2023\/01\/logo-e1674724130978.png","width":200,"height":200,"caption":"Th\u00e9\u00e2tre de la Bicyclette"},"image":{"@id":"https:\/\/theatre-la-bicyclette.fr\/#\/schema\/logo\/image\/"},"sameAs":["https:\/\/www.facebook.com\/profile.php?id=100086652006023"]}]}},"_links":{"self":[{"href":"https:\/\/theatre-la-bicyclette.fr\/index.php\/wp-json\/wp\/v2\/presse\/2859","targetHints":{"allow":["GET"]}}],"collection":[{"href":"https:\/\/theatre-la-bicyclette.fr\/index.php\/wp-json\/wp\/v2\/presse"}],"about":[{"href":"https:\/\/theatre-la-bicyclette.fr\/index.php\/wp-json\/wp\/v2\/types\/presse"}],"wp:featuredmedia":[{"embeddable":true,"href":"https:\/\/theatre-la-bicyclette.fr\/index.php\/wp-json\/wp\/v2\/media\/2660"}],"wp:attachment":[{"href":"https:\/\/theatre-la-bicyclette.fr\/index.php\/wp-json\/wp\/v2\/media?parent=2859"}],"wp:term":[{"taxonomy":"media","embeddable":true,"href":"https:\/\/theatre-la-bicyclette.fr\/index.php\/wp-json\/wp\/v2\/media?post=2859"},{"taxonomy":"publie_le","embeddable":true,"href":"https:\/\/theatre-la-bicyclette.fr\/index.php\/wp-json\/wp\/v2\/publie_le?post=2859"},{"taxonomy":"support_de_publication","embeddable":true,"href":"https:\/\/theatre-la-bicyclette.fr\/index.php\/wp-json\/wp\/v2\/support_de_publication?post=2859"}],"curies":[{"name":"wp","href":"https:\/\/api.w.org\/{rel}","templated":true}]}}